{"id":988237,"date":"2025-05-07T02:21:35","date_gmt":"2025-05-07T05:21:35","guid":{"rendered":"https:\/\/dev.sanejets.com.br\/?p=988237"},"modified":"2026-01-08T10:36:14","modified_gmt":"2026-01-08T13:36:14","slug":"sanejets-recupera-bras-e-jardins","status":"publish","type":"post","link":"https:\/\/sanejets.com.br\/es\/sanejets-recupera-bras-e-jardins\/","title":{"rendered":"Sanejets recupera a Br\u00e1s y Jardins"},"content":{"rendered":"<div data-elementor-type=\"wp-post\" data-elementor-id=\"988237\" class=\"elementor elementor-988237\" data-elementor-post-type=\"post\">\n\t\t\t\t\t\t<section class=\"elementor-section elementor-top-section elementor-element elementor-element-13ac4ec elementor-section-full_width elementor-section-height-default elementor-section-height-default\" data-id=\"13ac4ec\" data-element_type=\"section\">\n\t\t\t\t\t\t<div class=\"elementor-container elementor-column-gap-no\">\n\t\t\t\t\t<div class=\"elementor-column elementor-col-100 elementor-top-column elementor-element elementor-element-472ace72\" data-id=\"472ace72\" data-element_type=\"column\">\n\t\t\t<div class=\"elementor-widget-wrap elementor-element-populated\">\n\t\t\t\t\t\t<div class=\"elementor-element elementor-element-36ac89db elementor-widget elementor-widget-text-editor\" data-id=\"36ac89db\" data-element_type=\"widget\" data-widget_type=\"text-editor.default\">\n\t\t\t\t<div class=\"elementor-widget-container\">\n\t\t\t\t\t\t\t\t\t<p class=\"\" data-start=\"206\" data-end=\"484\">SANEJETS ha publicado un nuevo v\u00eddeo institucional en el que se destacan los resultados del proyecto de rehabilitaci\u00f3n de tuber\u00edas llevado a cabo en avenidas tan transitadas como <b>Av. 9 de Julho y Av. Rangel Pestana en Br\u00e1s<\/b>en S\u00e3o Paulo. La obra utiliz\u00f3 tecnolog\u00eda avanzada <strong data-start=\"423\" data-end=\"453\">CIPP (tuber\u00eda curada en sitio)<\/strong> con curado por luz ultravioleta, lo que permite intervenciones m\u00e1s r\u00e1pidas y seguras con un impacto urbano m\u00ednimo.<\/p>\t\t\t\t\t\t\t\t<\/div>\n\t\t\t\t<\/div>\n\t\t\t\t<div class=\"elementor-element elementor-element-cd0f2b8 elementor-widget elementor-widget-video\" data-id=\"cd0f2b8\" data-element_type=\"widget\" data-settings=\"{&quot;youtube_url&quot;:&quot;https:\\\/\\\/www.youtube.com\\\/watch?v=uWKKQspBvaI&amp;ab_channel=Sanejets&quot;,&quot;lazy_load&quot;:&quot;yes&quot;,&quot;video_type&quot;:&quot;youtube&quot;,&quot;controls&quot;:&quot;yes&quot;}\" data-widget_type=\"video.default\">\n\t\t\t\t<div class=\"elementor-widget-container\">\n\t\t\t\t\t\t\t<div class=\"elementor-wrapper elementor-open-inline\">\n\t\t\t<div class=\"elementor-video\"><\/div>\t\t<\/div>\n\t\t\t\t\t\t<\/div>\n\t\t\t\t<\/div>\n\t\t\t\t<div class=\"elementor-element elementor-element-87728df elementor-widget elementor-widget-text-editor\" data-id=\"87728df\" data-element_type=\"widget\" data-widget_type=\"text-editor.default\">\n\t\t\t\t<div class=\"elementor-widget-container\">\n\t\t\t\t\t\t\t\t\t<p class=\"\" data-start=\"486\" data-end=\"862\">Con testimonios de representantes del consorcio SANIT-SANEJETS y de la empresa internacional SAERTEX Multicom -proveedora de los revestimientos-, el v\u00eddeo muestra c\u00f3mo la integraci\u00f3n entre contratista, contratado y proveedor fue esencial para el \u00e9xito de la obra en una regi\u00f3n muy transitada y con gran presencia comercial.<\/p>\t\t\t\t\t\t\t\t<\/div>\n\t\t\t\t<\/div>\n\t\t\t\t<div class=\"elementor-element elementor-element-b30a706 elementor-widget elementor-widget-text-editor\" data-id=\"b30a706\" data-element_type=\"widget\" data-widget_type=\"text-editor.default\">\n\t\t\t\t<div class=\"elementor-widget-container\">\n\t\t\t\t\t\t\t\t\t<p class=\"\" data-start=\"206\" data-end=\"484\">Gracias a la tecnolog\u00eda aplicada, ha sido posible reducir significativamente la apertura de zanjas y las interferencias con el tr\u00e1fico, realizando largos tramos de rehabilitaci\u00f3n con precisi\u00f3n y eficacia. SANEJETS reafirma su compromiso con las soluciones sostenibles y de alta tecnolog\u00eda para las infraestructuras urbanas.<\/p>\t\t\t\t\t\t\t\t<\/div>\n\t\t\t\t<\/div>\n\t\t\t\t\t<\/div>\n\t\t<\/div>\n\t\t\t\t\t<\/div>\n\t\t<\/section>\n\t\t\t\t<\/div>","protected":false},"excerpt":{"rendered":"<p>A SANEJETS divulgou um novo v\u00eddeo institucional destacando os resultados do projeto de reabilita\u00e7\u00e3o de tubula\u00e7\u00f5es realizado em avenidas de tr\u00e1fego intenso como Av. 9 de Julho e Av. Rangel Pestana no Br\u00e1s, em S\u00e3o Paulo. A obra utilizou a avan\u00e7ada tecnologia CIPP (Cured-in-Place Pipe) com cura por luz ultravioleta, permitindo interven\u00e7\u00f5es mais r\u00e1pidas, seguras&#8230;<\/p>","protected":false},"author":1,"featured_media":988534,"comment_status":"closed","ping_status":"open","sticky":false,"template":"","format":"standard","meta":{"footnotes":""},"categories":[75],"tags":[],"class_list":["post-988237","post","type-post","status-publish","format-standard","has-post-thumbnail","hentry","category-noticias"],"_links":{"self":[{"href":"https:\/\/sanejets.com.br\/es\/wp-json\/wp\/v2\/posts\/988237","targetHints":{"allow":["GET"]}}],"collection":[{"href":"https:\/\/sanejets.com.br\/es\/wp-json\/wp\/v2\/posts"}],"about":[{"href":"https:\/\/sanejets.com.br\/es\/wp-json\/wp\/v2\/types\/post"}],"author":[{"embeddable":true,"href":"https:\/\/sanejets.com.br\/es\/wp-json\/wp\/v2\/users\/1"}],"replies":[{"embeddable":true,"href":"https:\/\/sanejets.com.br\/es\/wp-json\/wp\/v2\/comments?post=988237"}],"version-history":[{"count":16,"href":"https:\/\/sanejets.com.br\/es\/wp-json\/wp\/v2\/posts\/988237\/revisions"}],"predecessor-version":[{"id":988593,"href":"https:\/\/sanejets.com.br\/es\/wp-json\/wp\/v2\/posts\/988237\/revisions\/988593"}],"wp:featuredmedia":[{"embeddable":true,"href":"https:\/\/sanejets.com.br\/es\/wp-json\/wp\/v2\/media\/988534"}],"wp:attachment":[{"href":"https:\/\/sanejets.com.br\/es\/wp-json\/wp\/v2\/media?parent=988237"}],"wp:term":[{"taxonomy":"category","embeddable":true,"href":"https:\/\/sanejets.com.br\/es\/wp-json\/wp\/v2\/categories?post=988237"},{"taxonomy":"post_tag","embeddable":true,"href":"https:\/\/sanejets.com.br\/es\/wp-json\/wp\/v2\/tags?post=988237"}],"curies":[{"name":"wp","href":"https:\/\/api.w.org\/{rel}","templated":true}]}}